{"id":12636,"date":"2020-06-11T14:18:15","date_gmt":"2020-06-11T12:18:15","guid":{"rendered":"https:\/\/parcodenim.com\/?p=12636"},"modified":"2020-06-15T14:23:45","modified_gmt":"2020-06-15T12:23:45","slug":"quello-che-resta-dopo-il-lockdown","status":"publish","type":"post","link":"https:\/\/parcodenim.com\/it\/journal\/quello-che-resta-dopo-il-lockdown","title":{"rendered":"Quel che resta del lockdown"},"content":{"rendered":"<p>[vc_row][vc_column][vc_column_text]<\/p>\n<h3><span style=\"font-weight: 400;\">Lo stato di emergenza sanitaria globale ha rappresentato nei mesi scorsi un momento di riflessione, dentro e fuori il mondo della moda. <\/span><\/h3>\n<h4><span style=\"font-weight: 400;\">Come <a href=\"https:\/\/www.linkedin.com\/company\/parco-denim\/?viewAsMember=true\" target=\"_blank\" rel=\"noopener noreferrer\">azienda e come brand del territorio bergamasco<\/a>, abbiamo vissuto quel delicato momento con preoccupazione, ma al contempo, facendoci coraggio. <\/span><\/h4>\n<p><span style=\"font-weight: 400;\">Il momento di chiusura temporanea \u00e8 coinciso infatti con una fase di fermento e crescita per Par.co Denim. Durante i mesi di lockdown, il team creativo ha collaborato per mandare online il nuovo sito. Tutto lavorando in smart-working. Ecco che, in modo inconsapevole, abbiamo iniziato una modalit\u00e0 di lavoro fatta di call, videochiamate e chat, che probabilmente ci accompagnernno anche nel futuro prossimo.<\/span><\/p>\n<p><span style=\"font-weight: 400;\">Tuttavia, l&#8217;interazione professionale digitale e virtuale ha un risvolto paradossalmente pi\u00f9 umano: si condivide la dimensione intima della propria casa, seppure solo attraverso uno schermo, svelando una parete, gli angoli del soffitto o le librerie, lasciando anche trasparire la personalit\u00e0 di chi la abita. E cos\u00ec, tra una call e l&#8217;altra, abbiamo trovato anche lo spazio e il tempo per il lato piu umano. Ci siamo confrontati sullo stato d&#8217;animo, lo sport in casa, le nuove abitudini e le innumerevoli ricette casalinghe.<\/span><\/p>\n<h4><span style=\"font-weight: 400;\">Come brand che si occupa di sostenibilit\u00e0, ogni argomento di conversazione spesso diventa anche una scusa per riflettere in questo senso e il cibo \u00e8 una questione importantissima nel grande gioco della sostenibilit\u00e0 globale.\u00a0\u00a0<\/span><\/h4>\n<p><span style=\"font-weight: 400;\">Abbiamo parlato di come fare il pane e la pizza, del perch\u00e9 evitare l\u2019avocado, dell\u2019importanza della frutta secca durante gli allenamenti, ma soprattutto abbiamo discusso cos\u00ec tanto degli gnocchi fatti in casa di Fedora, che sono diventati una leggenda.<\/span><\/p>\n<p><span style=\"font-weight: 400;\">Ebbene s\u00ec, la nostra <a href=\"https:\/\/www.linkedin.com\/in\/fedora-agosti\/\" target=\"_blank\" rel=\"noopener noreferrer\">Sustainability Ambassador Fedora<\/a> sa preparare e cucinare gli gnocchi. Tanto era incredulo il resto del team, che abbiamo documentato l\u2019evento durante il lockdown e di seguito condividiamo con voi la ricetta. <\/span><\/p>\n<p><span style=\"font-weight: 400;\">Che sia un momento simbolico di come non perdere di vista e di mente le piccole cose che ci rendono felici, che ci fanno sentire a casa, che ci ricordano l\u2019amore e l\u2019affetto per coloro con cui condividiamo gli spazi in cui viviamo.<\/span>[\/vc_column_text][vc_single_image image=&#8221;12677&#8243; img_size=&#8221;large&#8221;][vc_empty_space][vc_column_text]Di seguito trovi gli ingredienti e il procedimento per la ricetta degli gnocchi fatti in casa in stile Parco Denim. Clicca e scopri come fare, buon appetito![\/vc_column_text][vc_toggle title=&#8221;Ingredienti&#8221;]<span style=\"font-weight: 400;\">400 gr di patate (rosse o gialle), meglio se invecchiate di qualche giorno e biologiche; 120 gr circa di Farina manitoba, meglio se biologica e sale q.b.<\/span>[\/vc_toggle][vc_toggle title=&#8221;Procedimento&#8221;]<span style=\"font-weight: 400;\">Prepara una pentola abbastanza capiente e metti a bollire le patate per 30 minuti da quando l\u2019acqua bolle. Decidi tu se preferisci pelare le patate prima o dopo la cottura. Una volta scolate le patate, pesale. Il peso delle patate una volta pelate e cotte potrebbe lievemente variare dal peso delle patate crude. Per questo motivo, pesa le patate cotte e il risultato deve essere moltiplicato per 3 e successivamente diviso per 10. Otterrai cos\u00ec i grammi precisi di farina da aggiungere alle patate una volta schacciate. Un esempio: mettiamo che le patate cotte pesino non piu 400 gr ma 390; 390&#215;3 risulta 1.170; 1.170:10 risulta 117. Saranno quindi 117 i grammi di farina da aggiungere alle patate per creare l&#8217;impasto degli gnocchi.<\/span><\/p>\n<p><span style=\"font-weight: 400;\">Tornando alle patate lesse, utilizza uno schiacciapatate per avere il composto pronto per essere incorporato alla farina.<\/span><\/p>\n<p><span style=\"font-weight: 400;\">Spargi un po\u2019 di farina sul tavolo, rovescia le patate schiacciate e inizia a incorporare farina, in modo delicato. Una volta che il composto ha assorbito tutta la farina, comincia a dividere l\u2019impasto e a stenderlo formando dei rotolini di circa 1 cm di diametro. A questo punto taglia con un coltello, cradno gli gnocchi, e lasciali riposare su un velo di farina.<\/span><\/p>\n<p><span style=\"font-weight: 400;\">Una volta pronti, falli cuocere in acqua salata bollente finch\u00e9 non verranno a galla. Condisci a piacere.<\/span>[\/vc_toggle][vc_empty_space][vc_single_image image=&#8221;12673&#8243; img_size=&#8221;large&#8221;][\/vc_column][\/vc_row][vc_row][vc_column][vc_column_text]Per l&#8217;occasione, Fedora ha indossato il <a href=\"https:\/\/parcodenim.com\/it\/shop\/product\/peonia-work-jeans\" target=\"_blank\" rel=\"noopener noreferrer\">modello work <strong>Peonia<\/strong><\/a><strong>.<\/strong>[\/vc_column_text]<div class=\"woocommerce \"><ul class=\"products hover-other_image columns-4\"><\/ul><\/div>[\/vc_column][\/vc_row]<\/p>\n","protected":false},"excerpt":{"rendered":"<p>[vc_row][vc_column][vc_column_text] Lo stato di emergenza sanitaria globale ha rappresentato nei mesi scorsi un momento di riflessione, dentro e fuori il mondo della moda. Come azienda e come brand del territorio&hellip;<\/p>\n","protected":false},"author":2,"featured_media":12615,"comment_status":"closed","ping_status":"open","sticky":false,"template":"","format":"standard","meta":{"om_disable_all_campaigns":false,"_monsterinsights_skip_tracking":false,"_monsterinsights_sitenote_active":false,"_monsterinsights_sitenote_note":"","_monsterinsights_sitenote_category":0,"_jetpack_memberships_contains_paid_content":false,"footnotes":""},"categories":[181],"tags":[280,279],"class_list":["post-12636","post","type-post","status-publish","format-standard","has-post-thumbnail","hentry","category-life-at-parco","tag-behind-the-scene","tag-editorial"],"yoast_head":"<!-- This site is optimized with the Yoast SEO plugin v19.10 - https:\/\/yoast.com\/wordpress\/plugins\/seo\/ -->\n<title>Quel che resta del lockdown - Par.co Denim<\/title>\n<meta name=\"description\" content=\"Il momento di chiusura temporanea \u00e8 coincisa infatti con una fase di fermento e crescita per Par.co Denim. Durante i mesi di lockdown il team creativo ha lavorato per mandare online il nuovo sito; quasi ogni giorno in smart-working- abbiamo iniziato in modo inconsapevole una nuova modalit\u00e0 di lavoro, fatta di call di gruppo, videochiamate, chat di lavoro, che probabilmente accompagner\u00e0 molto settori nel futuro prossimo.\" \/>\n<meta name=\"robots\" content=\"index, follow, max-snippet:-1, max-image-preview:large, max-video-preview:-1\" \/>\n<link rel=\"canonical\" href=\"https:\/\/parcodenim.com\/it\/journal\/quello-che-resta-dopo-il-lockdown\" \/>\n<meta property=\"og:locale\" content=\"it_IT\" \/>\n<meta property=\"og:type\" content=\"article\" \/>\n<meta property=\"og:title\" content=\"Quel che resta del lockdown - Par.co Denim\" \/>\n<meta property=\"og:description\" content=\"Il momento di chiusura temporanea \u00e8 coincisa infatti con una fase di fermento e crescita per Par.co Denim. Durante i mesi di lockdown il team creativo ha lavorato per mandare online il nuovo sito; quasi ogni giorno in smart-working- abbiamo iniziato in modo inconsapevole una nuova modalit\u00e0 di lavoro, fatta di call di gruppo, videochiamate, chat di lavoro, che probabilmente accompagner\u00e0 molto settori nel futuro prossimo.\" \/>\n<meta property=\"og:url\" content=\"https:\/\/parcodenim.com\/it\/journal\/quello-che-resta-dopo-il-lockdown\" \/>\n<meta property=\"og:site_name\" content=\"Par.co Denim\" \/>\n<meta property=\"article:published_time\" content=\"2020-06-11T12:18:15+00:00\" \/>\n<meta property=\"article:modified_time\" content=\"2020-06-15T12:23:45+00:00\" \/>\n<meta property=\"og:image\" content=\"https:\/\/i0.wp.com\/parcodenim.com\/wp-content\/uploads\/2020\/05\/JF3A1401.jpg?fit=1600%2C1067&ssl=1\" \/>\n\t<meta property=\"og:image:width\" content=\"1600\" \/>\n\t<meta property=\"og:image:height\" content=\"1067\" \/>\n\t<meta property=\"og:image:type\" content=\"image\/jpeg\" \/>\n<meta name=\"author\" content=\"Fedora Agosti\" \/>\n<meta name=\"twitter:card\" content=\"summary_large_image\" \/>\n<meta name=\"twitter:label1\" content=\"Scritto da\" \/>\n\t<meta name=\"twitter:data1\" content=\"Fedora Agosti\" \/>\n\t<meta name=\"twitter:label2\" content=\"Tempo di lettura stimato\" \/>\n\t<meta name=\"twitter:data2\" content=\"3 minuti\" \/>\n<script type=\"application\/ld+json\" class=\"yoast-schema-graph\">{\"@context\":\"https:\/\/schema.org\",\"@graph\":[{\"@type\":\"WebPage\",\"@id\":\"https:\/\/parcodenim.com\/it\/journal\/quello-che-resta-dopo-il-lockdown\",\"url\":\"https:\/\/parcodenim.com\/it\/journal\/quello-che-resta-dopo-il-lockdown\",\"name\":\"Quel che resta del lockdown - Par.co Denim\",\"isPartOf\":{\"@id\":\"https:\/\/parcodenim.com\/it\/#website\"},\"datePublished\":\"2020-06-11T12:18:15+00:00\",\"dateModified\":\"2020-06-15T12:23:45+00:00\",\"author\":{\"@id\":\"https:\/\/parcodenim.com\/it\/#\/schema\/person\/4cdd6ec36f1bdf251cf5e778de6fb3b1\"},\"description\":\"Il momento di chiusura temporanea \u00e8 coincisa infatti con una fase di fermento e crescita per Par.co Denim. Durante i mesi di lockdown il team creativo ha lavorato per mandare online il nuovo sito; quasi ogni giorno in smart-working- abbiamo iniziato in modo inconsapevole una nuova modalit\u00e0 di lavoro, fatta di call di gruppo, videochiamate, chat di lavoro, che probabilmente accompagner\u00e0 molto settori nel futuro prossimo.\",\"breadcrumb\":{\"@id\":\"https:\/\/parcodenim.com\/it\/journal\/quello-che-resta-dopo-il-lockdown#breadcrumb\"},\"inLanguage\":\"it-IT\",\"potentialAction\":[{\"@type\":\"ReadAction\",\"target\":[\"https:\/\/parcodenim.com\/it\/journal\/quello-che-resta-dopo-il-lockdown\"]}]},{\"@type\":\"BreadcrumbList\",\"@id\":\"https:\/\/parcodenim.com\/it\/journal\/quello-che-resta-dopo-il-lockdown#breadcrumb\",\"itemListElement\":[{\"@type\":\"ListItem\",\"position\":1,\"name\":\"Home\",\"item\":\"https:\/\/parcodenim.com\/it\"},{\"@type\":\"ListItem\",\"position\":2,\"name\":\"Quel che resta del lockdown\"}]},{\"@type\":\"WebSite\",\"@id\":\"https:\/\/parcodenim.com\/it\/#website\",\"url\":\"https:\/\/parcodenim.com\/it\/\",\"name\":\"Par.co Denim\",\"description\":\"Your eco-friendly jeans\",\"potentialAction\":[{\"@type\":\"SearchAction\",\"target\":{\"@type\":\"EntryPoint\",\"urlTemplate\":\"https:\/\/parcodenim.com\/it\/?s={search_term_string}\"},\"query-input\":\"required name=search_term_string\"}],\"inLanguage\":\"it-IT\"},{\"@type\":\"Person\",\"@id\":\"https:\/\/parcodenim.com\/it\/#\/schema\/person\/4cdd6ec36f1bdf251cf5e778de6fb3b1\",\"name\":\"Fedora Agosti\",\"image\":{\"@type\":\"ImageObject\",\"inLanguage\":\"it-IT\",\"@id\":\"https:\/\/parcodenim.com\/it\/#\/schema\/person\/image\/\",\"url\":\"https:\/\/secure.gravatar.com\/avatar\/4f7e9b5a60d7303129b81266e81bf08c?s=96&d=mm&r=g\",\"contentUrl\":\"https:\/\/secure.gravatar.com\/avatar\/4f7e9b5a60d7303129b81266e81bf08c?s=96&d=mm&r=g\",\"caption\":\"Fedora Agosti\"},\"url\":\"https:\/\/parcodenim.com\/it\/journal\/author\/didi\"}]}<\/script>\n<!-- \/ Yoast SEO plugin. -->","yoast_head_json":{"title":"Quel che resta del lockdown - Par.co Denim","description":"Il momento di chiusura temporanea \u00e8 coincisa infatti con una fase di fermento e crescita per Par.co Denim. Durante i mesi di lockdown il team creativo ha lavorato per mandare online il nuovo sito; quasi ogni giorno in smart-working- abbiamo iniziato in modo inconsapevole una nuova modalit\u00e0 di lavoro, fatta di call di gruppo, videochiamate, chat di lavoro, che probabilmente accompagner\u00e0 molto settori nel futuro prossimo.","robots":{"index":"index","follow":"follow","max-snippet":"max-snippet:-1","max-image-preview":"max-image-preview:large","max-video-preview":"max-video-preview:-1"},"canonical":"https:\/\/parcodenim.com\/it\/journal\/quello-che-resta-dopo-il-lockdown","og_locale":"it_IT","og_type":"article","og_title":"Quel che resta del lockdown - Par.co Denim","og_description":"Il momento di chiusura temporanea \u00e8 coincisa infatti con una fase di fermento e crescita per Par.co Denim. Durante i mesi di lockdown il team creativo ha lavorato per mandare online il nuovo sito; quasi ogni giorno in smart-working- abbiamo iniziato in modo inconsapevole una nuova modalit\u00e0 di lavoro, fatta di call di gruppo, videochiamate, chat di lavoro, che probabilmente accompagner\u00e0 molto settori nel futuro prossimo.","og_url":"https:\/\/parcodenim.com\/it\/journal\/quello-che-resta-dopo-il-lockdown","og_site_name":"Par.co Denim","article_published_time":"2020-06-11T12:18:15+00:00","article_modified_time":"2020-06-15T12:23:45+00:00","og_image":[{"width":1600,"height":1067,"url":"https:\/\/i0.wp.com\/parcodenim.com\/wp-content\/uploads\/2020\/05\/JF3A1401.jpg?fit=1600%2C1067&ssl=1","type":"image\/jpeg"}],"author":"Fedora Agosti","twitter_card":"summary_large_image","twitter_misc":{"Scritto da":"Fedora Agosti","Tempo di lettura stimato":"3 minuti"},"schema":{"@context":"https:\/\/schema.org","@graph":[{"@type":"WebPage","@id":"https:\/\/parcodenim.com\/it\/journal\/quello-che-resta-dopo-il-lockdown","url":"https:\/\/parcodenim.com\/it\/journal\/quello-che-resta-dopo-il-lockdown","name":"Quel che resta del lockdown - Par.co Denim","isPartOf":{"@id":"https:\/\/parcodenim.com\/it\/#website"},"datePublished":"2020-06-11T12:18:15+00:00","dateModified":"2020-06-15T12:23:45+00:00","author":{"@id":"https:\/\/parcodenim.com\/it\/#\/schema\/person\/4cdd6ec36f1bdf251cf5e778de6fb3b1"},"description":"Il momento di chiusura temporanea \u00e8 coincisa infatti con una fase di fermento e crescita per Par.co Denim. Durante i mesi di lockdown il team creativo ha lavorato per mandare online il nuovo sito; quasi ogni giorno in smart-working- abbiamo iniziato in modo inconsapevole una nuova modalit\u00e0 di lavoro, fatta di call di gruppo, videochiamate, chat di lavoro, che probabilmente accompagner\u00e0 molto settori nel futuro prossimo.","breadcrumb":{"@id":"https:\/\/parcodenim.com\/it\/journal\/quello-che-resta-dopo-il-lockdown#breadcrumb"},"inLanguage":"it-IT","potentialAction":[{"@type":"ReadAction","target":["https:\/\/parcodenim.com\/it\/journal\/quello-che-resta-dopo-il-lockdown"]}]},{"@type":"BreadcrumbList","@id":"https:\/\/parcodenim.com\/it\/journal\/quello-che-resta-dopo-il-lockdown#breadcrumb","itemListElement":[{"@type":"ListItem","position":1,"name":"Home","item":"https:\/\/parcodenim.com\/it"},{"@type":"ListItem","position":2,"name":"Quel che resta del lockdown"}]},{"@type":"WebSite","@id":"https:\/\/parcodenim.com\/it\/#website","url":"https:\/\/parcodenim.com\/it\/","name":"Par.co Denim","description":"Your eco-friendly jeans","potentialAction":[{"@type":"SearchAction","target":{"@type":"EntryPoint","urlTemplate":"https:\/\/parcodenim.com\/it\/?s={search_term_string}"},"query-input":"required name=search_term_string"}],"inLanguage":"it-IT"},{"@type":"Person","@id":"https:\/\/parcodenim.com\/it\/#\/schema\/person\/4cdd6ec36f1bdf251cf5e778de6fb3b1","name":"Fedora Agosti","image":{"@type":"ImageObject","inLanguage":"it-IT","@id":"https:\/\/parcodenim.com\/it\/#\/schema\/person\/image\/","url":"https:\/\/secure.gravatar.com\/avatar\/4f7e9b5a60d7303129b81266e81bf08c?s=96&d=mm&r=g","contentUrl":"https:\/\/secure.gravatar.com\/avatar\/4f7e9b5a60d7303129b81266e81bf08c?s=96&d=mm&r=g","caption":"Fedora Agosti"},"url":"https:\/\/parcodenim.com\/it\/journal\/author\/didi"}]}},"jetpack_sharing_enabled":true,"jetpack_featured_media_url":"https:\/\/i0.wp.com\/parcodenim.com\/wp-content\/uploads\/2020\/05\/JF3A1401.jpg?fit=1600%2C1067&ssl=1","_links":{"self":[{"href":"https:\/\/parcodenim.com\/it\/wp-json\/wp\/v2\/posts\/12636"}],"collection":[{"href":"https:\/\/parcodenim.com\/it\/wp-json\/wp\/v2\/posts"}],"about":[{"href":"https:\/\/parcodenim.com\/it\/wp-json\/wp\/v2\/types\/post"}],"author":[{"embeddable":true,"href":"https:\/\/parcodenim.com\/it\/wp-json\/wp\/v2\/users\/2"}],"replies":[{"embeddable":true,"href":"https:\/\/parcodenim.com\/it\/wp-json\/wp\/v2\/comments?post=12636"}],"version-history":[{"count":23,"href":"https:\/\/parcodenim.com\/it\/wp-json\/wp\/v2\/posts\/12636\/revisions"}],"predecessor-version":[{"id":12681,"href":"https:\/\/parcodenim.com\/it\/wp-json\/wp\/v2\/posts\/12636\/revisions\/12681"}],"wp:featuredmedia":[{"embeddable":true,"href":"https:\/\/parcodenim.com\/it\/wp-json\/wp\/v2\/media\/12615"}],"wp:attachment":[{"href":"https:\/\/parcodenim.com\/it\/wp-json\/wp\/v2\/media?parent=12636"}],"wp:term":[{"taxonomy":"category","embeddable":true,"href":"https:\/\/parcodenim.com\/it\/wp-json\/wp\/v2\/categories?post=12636"},{"taxonomy":"post_tag","embeddable":true,"href":"https:\/\/parcodenim.com\/it\/wp-json\/wp\/v2\/tags?post=12636"}],"curies":[{"name":"wp","href":"https:\/\/api.w.org\/{rel}","templated":true}]}}